{"id":1860,"date":"2024-04-25T12:00:06","date_gmt":"2024-04-25T10:00:06","guid":{"rendered":"https:\/\/aeroclub-du-rouergue.com\/WordPress3\/?p=1860"},"modified":"2024-04-25T12:00:06","modified_gmt":"2024-04-25T10:00:06","slug":"aero-dej-du-21-avril-un-franc-succes","status":"publish","type":"post","link":"https:\/\/aeroclub-du-rouergue.com\/WordPress3\/2024\/04\/25\/aero-dej-du-21-avril-un-franc-succes\/","title":{"rendered":"AERO DEJ  du 21 avril : un franc succ\u00e8s"},"content":{"rendered":"\n<figure class=\"wp-block-image size-large\"><img loading=\"lazy\" decoding=\"async\" width=\"1024\" height=\"682\" src=\"https:\/\/aeroclub-du-rouergue.com\/WordPress3\/wp-content\/uploads\/2024\/04\/DSC_0255r-1024x682.jpeg\" alt=\"\" class=\"wp-image-1861\" srcset=\"https:\/\/aeroclub-du-rouergue.com\/WordPress3\/wp-content\/uploads\/2024\/04\/DSC_0255r-1024x682.jpeg 1024w, https:\/\/aeroclub-du-rouergue.com\/WordPress3\/wp-content\/uploads\/2024\/04\/DSC_0255r-300x200.jpeg 300w, https:\/\/aeroclub-du-rouergue.com\/WordPress3\/wp-content\/uploads\/2024\/04\/DSC_0255r-150x100.jpeg 150w, https:\/\/aeroclub-du-rouergue.com\/WordPress3\/wp-content\/uploads\/2024\/04\/DSC_0255r-768x512.jpeg 768w, https:\/\/aeroclub-du-rouergue.com\/WordPress3\/wp-content\/uploads\/2024\/04\/DSC_0255r.jpeg 1280w\" sizes=\"auto, (max-width: 1024px) 100vw, 1024px\" \/><\/figure>\n\n\n\n<p><\/p>\n\n\n\n<p>Un v\u00e9ritable nid de frelons \u00e0 Graves ? La comparaison est certes os\u00e9e mais \u00e0 bien y regarder, tout faisait penser, ce dimanche 21 avril 2024, \u00e0 l&rsquo;agitation d&rsquo;une ruche bien garnie.<\/p>\n\n\n\n<p>A l&rsquo;invitation de \u00ab\u00a0la boutique a\u00e9ro \u00a0\u00bb de Blagnac, en partenariat avec l&rsquo;a\u00e9roclub du Rouergue, c&rsquo;est plus de quatre-vingt appareils, avions, ulm et tout ce qui vole qui \u00e9taient pr\u00e9sents et qui ont, tout au long de la matin\u00e9e, occup\u00e9 le ciel de Graves. Plus de deux cents passionn\u00e9s ont partag\u00e9 en toute convivialit\u00e9 les viennoiseries, caf\u00e9, jus de fruits, tout en \u00e9changeant anecdotes, bons plans sur leur passion commune l&rsquo;aviation.<\/p>\n\n\n\n<p>Ce rassemblement a ouvert le programme 2024 des animations \u00e0 venir sur le site de l&rsquo;a\u00e9rodrome.<\/p>\n\n\n\n<p>En effet, l&rsquo;a\u00e9roclub a concoct\u00e9 un programme bien fourni pour ce premier semestre, avec notamment un stage de formation au vol \u00e0 voile (planeurs) en collaboration avec le club de Graulhet, qui se d\u00e9roulera du 25 mai au 2 juin. Les personnes int\u00e9ress\u00e9es peuvent s&rsquo;inscrire aupr\u00e8s de l&rsquo;a\u00e9roclub.<\/p>\n\n\n\n<p>Le samedi 22 juin, rassemblement annuel des \u00ab\u00a0ZOIZEAUX\u00a0\u00bb !&nbsp; Quezaco ? Chaque ann\u00e9e ce rassemblement s&rsquo;adresse \u00e0 tous les propri\u00e9taires d&rsquo;ULM GUEPARD commercialis\u00e9s et fabriqu\u00e9s par l&rsquo;entreprise AEROSERVICES bas\u00e9e \u00e0 Toulonjac. Au fil du temps cette journ\u00e9e s&rsquo;est \u00e9largie \u00e0 tous les type l&rsquo;ULM et est plac\u00e9e sous le signe de la convivialit\u00e9 autour d\u2019un repas pris en commun le midi.<\/p>\n\n\n\n<p>Les 6 et 7 juillet, l&rsquo;association JURCA AIR FORCE fait escale sur la plate forme de Graves, avec environ soixante avions JURCA. C&rsquo;est l&rsquo;occasion de d\u00e9couvrir ces appareils con\u00e7us dans les ann\u00e9es 50 et 60.<\/p>\n\n\n\n<p>Les 16 et 17 juillet c&rsquo;est le tour ULM jeunes qui sera \u00e0 Villefranche pour une journ\u00e9e \u00e9tape. Une vingtaine d&rsquo;\u00e9quipages sont attendus.<\/p>\n\n\n\n<p>L&rsquo;a\u00e9roclub du Rouergue sera heureux d&rsquo;accueillir toutes les personnes curieuses de d\u00e9couvrir le monde de l&rsquo;aviation lors de ces journ\u00e9es.<\/p>\n","protected":false},"excerpt":{"rendered":"<p>Un v\u00e9ritable nid de frelons \u00e0 Graves ? La comparaison est certes os\u00e9e mais \u00e0 bien y regarder, tout faisait penser, ce dimanche 21 avril 2024, \u00e0 l&rsquo;agitation d&rsquo;une ruche bien garnie. A l&rsquo;invitation de \u00ab\u00a0la boutique a\u00e9ro \u00a0\u00bb de Blagnac, en partenariat avec l&rsquo;a\u00e9roclub du Rouergue, c&rsquo;est plus de quatre-vingt appareils, avions, ulm et [&hellip;]<\/p>\n","protected":false},"author":1,"featured_media":0,"comment_status":"closed","ping_status":"closed","sticky":false,"template":"","format":"standard","meta":{"ngg_post_thumbnail":0,"spay_email":"","footnotes":""},"categories":[5],"tags":[],"class_list":["post-1860","post","type-post","status-publish","format-standard","hentry","category-actu"],"jetpack_featured_media_url":"","_links":{"self":[{"href":"https:\/\/aeroclub-du-rouergue.com\/WordPress3\/wp-json\/wp\/v2\/posts\/1860","targetHints":{"allow":["GET"]}}],"collection":[{"href":"https:\/\/aeroclub-du-rouergue.com\/WordPress3\/wp-json\/wp\/v2\/posts"}],"about":[{"href":"https:\/\/aeroclub-du-rouergue.com\/WordPress3\/wp-json\/wp\/v2\/types\/post"}],"author":[{"embeddable":true,"href":"https:\/\/aeroclub-du-rouergue.com\/WordPress3\/wp-json\/wp\/v2\/users\/1"}],"replies":[{"embeddable":true,"href":"https:\/\/aeroclub-du-rouergue.com\/WordPress3\/wp-json\/wp\/v2\/comments?post=1860"}],"version-history":[{"count":1,"href":"https:\/\/aeroclub-du-rouergue.com\/WordPress3\/wp-json\/wp\/v2\/posts\/1860\/revisions"}],"predecessor-version":[{"id":1862,"href":"https:\/\/aeroclub-du-rouergue.com\/WordPress3\/wp-json\/wp\/v2\/posts\/1860\/revisions\/1862"}],"wp:attachment":[{"href":"https:\/\/aeroclub-du-rouergue.com\/WordPress3\/wp-json\/wp\/v2\/media?parent=1860"}],"wp:term":[{"taxonomy":"category","embeddable":true,"href":"https:\/\/aeroclub-du-rouergue.com\/WordPress3\/wp-json\/wp\/v2\/categories?post=1860"},{"taxonomy":"post_tag","embeddable":true,"href":"https:\/\/aeroclub-du-rouergue.com\/WordPress3\/wp-json\/wp\/v2\/tags?post=1860"}],"curies":[{"name":"wp","href":"https:\/\/api.w.org\/{rel}","templated":true}]}}