{"id":1962,"date":"2025-05-26T21:32:11","date_gmt":"2025-05-26T19:32:11","guid":{"rendered":"https:\/\/aeroclub-du-rouergue.com\/WordPress3\/?p=1962"},"modified":"2025-05-26T21:32:11","modified_gmt":"2025-05-26T19:32:11","slug":"bulletin-de-securite-n-49","status":"publish","type":"post","link":"https:\/\/aeroclub-du-rouergue.com\/WordPress3\/2025\/05\/26\/bulletin-de-securite-n-49\/","title":{"rendered":"Bulletin de s\u00e9curit\u00e9 n\u00b0 49"},"content":{"rendered":"\n<p><strong>SUJET&nbsp;: LES OREILLES DE NOS PASSAGERS<\/strong><\/p>\n\n\n\n<p>&nbsp;&nbsp;&nbsp;&nbsp; Nos oreilles internes supportent mal des variations trop importantes et trop rapides de pression caus\u00e9es par des mont\u00e9es\/descentes insuffisamment progressives.<\/p>\n\n\n\n<p>&nbsp;&nbsp;&nbsp;&nbsp; La jeunesse et l\u2019entrainement du pilote r\u00e9duisent la sensibilit\u00e9 a ce ph\u00e9nom\u00e8ne pour la majorit\u00e9 des personnes qui volent souvent.<\/p>\n\n\n\n<p>&nbsp;&nbsp;&nbsp;&nbsp; Ce n\u2019est pas \u00e9videmment probablement pas le cas de nos passagers. De plus l\u2019\u00e2ge est souvent un facteur aggravant pour ce handicap.<\/p>\n\n\n\n<p>&nbsp;&nbsp;&nbsp;&nbsp; Il est admis quand limitant les man\u0153uvres avec un vario nettement en dessous de 500 pieds\/minute la g\u00e8ne auditive est faible et bien support\u00e9e si elle ne dure pas trop longtemps.<\/p>\n\n\n\n<p>&nbsp;&nbsp;&nbsp;&nbsp; Cela nous conduit \u00e9galement \u00e0 \u00e9viter de monter haut si le vol pr\u00e9vu est de courte dur\u00e9e. Sinon cela nous m\u00e8ne \u00e0 des descentes a forts vario pour respecter le temps de vol convenu.<\/p>\n\n\n\n<p>&nbsp;&nbsp;&nbsp;&nbsp; Parfois ce malaise auditif cause une d\u00e9stabilisante anxi\u00e9t\u00e9 chez les passagers sensibles.<\/p>\n\n\n\n<p><em>Gilbert&nbsp; Mai &nbsp;2025<\/em><\/p>\n","protected":false},"excerpt":{"rendered":"<p>SUJET&nbsp;: LES OREILLES DE NOS PASSAGERS &nbsp;&nbsp;&nbsp;&nbsp; Nos oreilles internes supportent mal des variations trop importantes et trop rapides de pression caus\u00e9es par des mont\u00e9es\/descentes insuffisamment progressives. &nbsp;&nbsp;&nbsp;&nbsp; La jeunesse et l\u2019entrainement du pilote r\u00e9duisent la sensibilit\u00e9 a ce ph\u00e9nom\u00e8ne pour la majorit\u00e9 des personnes qui volent souvent. &nbsp;&nbsp;&nbsp;&nbsp; Ce n\u2019est pas \u00e9videmment probablement pas [&hellip;]<\/p>\n","protected":false},"author":1,"featured_media":0,"comment_status":"closed","ping_status":"closed","sticky":false,"template":"","format":"standard","meta":{"ngg_post_thumbnail":0,"spay_email":"","footnotes":""},"categories":[64],"tags":[],"class_list":["post-1962","post","type-post","status-publish","format-standard","hentry","category-bulletins-periodiques-de-securite"],"jetpack_featured_media_url":"","_links":{"self":[{"href":"https:\/\/aeroclub-du-rouergue.com\/WordPress3\/wp-json\/wp\/v2\/posts\/1962","targetHints":{"allow":["GET"]}}],"collection":[{"href":"https:\/\/aeroclub-du-rouergue.com\/WordPress3\/wp-json\/wp\/v2\/posts"}],"about":[{"href":"https:\/\/aeroclub-du-rouergue.com\/WordPress3\/wp-json\/wp\/v2\/types\/post"}],"author":[{"embeddable":true,"href":"https:\/\/aeroclub-du-rouergue.com\/WordPress3\/wp-json\/wp\/v2\/users\/1"}],"replies":[{"embeddable":true,"href":"https:\/\/aeroclub-du-rouergue.com\/WordPress3\/wp-json\/wp\/v2\/comments?post=1962"}],"version-history":[{"count":1,"href":"https:\/\/aeroclub-du-rouergue.com\/WordPress3\/wp-json\/wp\/v2\/posts\/1962\/revisions"}],"predecessor-version":[{"id":1963,"href":"https:\/\/aeroclub-du-rouergue.com\/WordPress3\/wp-json\/wp\/v2\/posts\/1962\/revisions\/1963"}],"wp:attachment":[{"href":"https:\/\/aeroclub-du-rouergue.com\/WordPress3\/wp-json\/wp\/v2\/media?parent=1962"}],"wp:term":[{"taxonomy":"category","embeddable":true,"href":"https:\/\/aeroclub-du-rouergue.com\/WordPress3\/wp-json\/wp\/v2\/categories?post=1962"},{"taxonomy":"post_tag","embeddable":true,"href":"https:\/\/aeroclub-du-rouergue.com\/WordPress3\/wp-json\/wp\/v2\/tags?post=1962"}],"curies":[{"name":"wp","href":"https:\/\/api.w.org\/{rel}","templated":true}]}}