{"id":1966,"date":"2025-05-26T21:50:38","date_gmt":"2025-05-26T19:50:38","guid":{"rendered":"https:\/\/aeroclub-du-rouergue.com\/WordPress3\/?p=1966"},"modified":"2025-05-26T21:50:38","modified_gmt":"2025-05-26T19:50:38","slug":"laeroclub-des-sourds-de-france-fait-escale-a-graves","status":"publish","type":"post","link":"https:\/\/aeroclub-du-rouergue.com\/WordPress3\/2025\/05\/26\/laeroclub-des-sourds-de-france-fait-escale-a-graves\/","title":{"rendered":"L&rsquo;a\u00e9roclub des sourds de France fait escale \u00e0 Graves"},"content":{"rendered":"\n<p>Le 7\u00e8me rallye des pilotes sourds avait pour destination l&rsquo;a\u00e9rodrome de Graves ces 24 et 25 mai.<\/p>\n\n\n\n<p>Au programme visite guid\u00e9e des ateliers d&rsquo;A\u00e9roservices Gu\u00e9pard, vols d\u00e9couverte autour du villefranchois, r\u00e9union pl\u00e9ni\u00e8re et ap\u00e9ritif dans les locaux de l&rsquo;a\u00e9roclub.<\/p>\n\n\n\n<figure class=\"wp-block-image size-large\"><img loading=\"lazy\" decoding=\"async\" width=\"1024\" height=\"461\" src=\"https:\/\/aeroclub-du-rouergue.com\/WordPress3\/wp-content\/uploads\/2025\/05\/20250524_1952421-1024x461.jpg\" alt=\"\" class=\"wp-image-1967\" srcset=\"https:\/\/aeroclub-du-rouergue.com\/WordPress3\/wp-content\/uploads\/2025\/05\/20250524_1952421-1024x461.jpg 1024w, https:\/\/aeroclub-du-rouergue.com\/WordPress3\/wp-content\/uploads\/2025\/05\/20250524_1952421-300x135.jpg 300w, https:\/\/aeroclub-du-rouergue.com\/WordPress3\/wp-content\/uploads\/2025\/05\/20250524_1952421-150x68.jpg 150w, https:\/\/aeroclub-du-rouergue.com\/WordPress3\/wp-content\/uploads\/2025\/05\/20250524_1952421-768x346.jpg 768w, https:\/\/aeroclub-du-rouergue.com\/WordPress3\/wp-content\/uploads\/2025\/05\/20250524_1952421-1536x691.jpg 1536w, https:\/\/aeroclub-du-rouergue.com\/WordPress3\/wp-content\/uploads\/2025\/05\/20250524_1952421-2048x922.jpg 2048w\" sizes=\"auto, (max-width: 1024px) 100vw, 1024px\" \/><\/figure>\n","protected":false},"excerpt":{"rendered":"<p>Le 7\u00e8me rallye des pilotes sourds avait pour destination l&rsquo;a\u00e9rodrome de Graves ces 24 et 25 mai. Au programme visite guid\u00e9e des ateliers d&rsquo;A\u00e9roservices Gu\u00e9pard, vols d\u00e9couverte autour du villefranchois, r\u00e9union pl\u00e9ni\u00e8re et ap\u00e9ritif dans les locaux de l&rsquo;a\u00e9roclub.<\/p>\n","protected":false},"author":1,"featured_media":0,"comment_status":"closed","ping_status":"closed","sticky":false,"template":"","format":"standard","meta":{"ngg_post_thumbnail":0,"spay_email":"","footnotes":""},"categories":[5],"tags":[],"class_list":["post-1966","post","type-post","status-publish","format-standard","hentry","category-actu"],"jetpack_featured_media_url":"","_links":{"self":[{"href":"https:\/\/aeroclub-du-rouergue.com\/WordPress3\/wp-json\/wp\/v2\/posts\/1966","targetHints":{"allow":["GET"]}}],"collection":[{"href":"https:\/\/aeroclub-du-rouergue.com\/WordPress3\/wp-json\/wp\/v2\/posts"}],"about":[{"href":"https:\/\/aeroclub-du-rouergue.com\/WordPress3\/wp-json\/wp\/v2\/types\/post"}],"author":[{"embeddable":true,"href":"https:\/\/aeroclub-du-rouergue.com\/WordPress3\/wp-json\/wp\/v2\/users\/1"}],"replies":[{"embeddable":true,"href":"https:\/\/aeroclub-du-rouergue.com\/WordPress3\/wp-json\/wp\/v2\/comments?post=1966"}],"version-history":[{"count":1,"href":"https:\/\/aeroclub-du-rouergue.com\/WordPress3\/wp-json\/wp\/v2\/posts\/1966\/revisions"}],"predecessor-version":[{"id":1968,"href":"https:\/\/aeroclub-du-rouergue.com\/WordPress3\/wp-json\/wp\/v2\/posts\/1966\/revisions\/1968"}],"wp:attachment":[{"href":"https:\/\/aeroclub-du-rouergue.com\/WordPress3\/wp-json\/wp\/v2\/media?parent=1966"}],"wp:term":[{"taxonomy":"category","embeddable":true,"href":"https:\/\/aeroclub-du-rouergue.com\/WordPress3\/wp-json\/wp\/v2\/categories?post=1966"},{"taxonomy":"post_tag","embeddable":true,"href":"https:\/\/aeroclub-du-rouergue.com\/WordPress3\/wp-json\/wp\/v2\/tags?post=1966"}],"curies":[{"name":"wp","href":"https:\/\/api.w.org\/{rel}","templated":true}]}}