{"id":484,"date":"2015-05-06T14:09:09","date_gmt":"2015-05-06T12:09:09","guid":{"rendered":"http:\/\/aeroclub-du-rouergue.com\/WordPress3\/?p=484"},"modified":"2015-05-06T14:20:40","modified_gmt":"2015-05-06T12:20:40","slug":"un-peu-dhistoire","status":"publish","type":"post","link":"https:\/\/aeroclub-du-rouergue.com\/WordPress3\/2015\/05\/06\/un-peu-dhistoire\/","title":{"rendered":"Un peu d&rsquo;histoire"},"content":{"rendered":"<h3 style=\"text-align: center;\">Les d\u00e9buts de l&rsquo;aviation \u00e0 Villefranche<\/h3>\n<p>Pour les f\u00eates de la Saint-Jean, en juin furent organis\u00e9s trois jours de d\u00e9monstration a\u00e9rienne. En quelle ann\u00e9e ? En <strong>1911<\/strong> ! L&rsquo;aviation \u00e0 Villefranche puise ses origines aux touts d\u00e9buts de cette activit\u00e9.<\/p>\n<p>Dans un pr\u00e9 \u00ab\u00a0convenable\u00a0\u00bb selon les termes de l&rsquo;\u00e9poque pour servir de \u00ab\u00a0terrain d&rsquo;aviation\u00a0\u00bb, de nombreux pilotes devaient faire la d\u00e9monstration des qualit\u00e9s de vol de leur machine. De fait, le plateau fut moins riche qu&rsquo;esp\u00e9r\u00e9 : les pannes et les conditions atmosph\u00e9riques eurent raison de quelques vols. N\u00e9anmoins les pilotes <strong>Chauss\u00e9e<\/strong> sur biplan et <strong>Lusetti<\/strong> sur monoplan Bl\u00e9riot firent la preuve de leur d\u00e9termination.<\/p>\n<p><strong>Chauss\u00e9e<\/strong>, \u00e0 la suite d&rsquo;une panne de moteur le deuxi\u00e8me jour, atterrit dans un champ et revint \u00e0 pied, sous les acclamations de la foule. <strong>Lusetti<\/strong> dut renoncer \u00e0 d\u00e9coller, l&rsquo;h\u00e9lice, lors de la mise en route ayant heurt\u00e9 le genou du m\u00e9canicien. L&rsquo;h\u00e9lice de remplacement, de trop faible rendement, ne lui permit pas de d\u00e9coller.<\/p>\n<p><img decoding=\"async\" class=\"ngg-singlepic ngg-center\" src=\"http:\/\/aeroclub-du-rouergue.com\/WordPress3\/wp-content\/gallery\/mai-1\/num%C3%A9risation0007.jpg\" alt=\"num\u00e9risation0007.jpg\" \/><\/p>\n<p>Finalement les occupants de certains h\u00e9licopt\u00e8res biplaces ultra l\u00e9gers ont \u00e0 peu pr\u00e8s la m\u00eame position !<\/p>\n<p>&nbsp;<\/p>\n","protected":false},"excerpt":{"rendered":"<p>Les d\u00e9buts de l&rsquo;aviation \u00e0 Villefranche Pour les f\u00eates de la Saint-Jean, en juin furent organis\u00e9s trois jours de d\u00e9monstration a\u00e9rienne. En quelle ann\u00e9e ? En 1911 ! L&rsquo;aviation \u00e0 Villefranche puise ses origines aux touts d\u00e9buts de cette activit\u00e9. Dans un pr\u00e9 \u00ab\u00a0convenable\u00a0\u00bb selon les termes de l&rsquo;\u00e9poque pour servir de \u00ab\u00a0terrain d&rsquo;aviation\u00a0\u00bb, de [&hellip;]<\/p>\n","protected":false},"author":1,"featured_media":0,"comment_status":"closed","ping_status":"closed","sticky":false,"template":"","format":"standard","meta":{"ngg_post_thumbnail":0,"spay_email":"","footnotes":""},"categories":[6],"tags":[],"class_list":["post-484","post","type-post","status-publish","format-standard","hentry","category-histoire"],"jetpack_featured_media_url":"","_links":{"self":[{"href":"https:\/\/aeroclub-du-rouergue.com\/WordPress3\/wp-json\/wp\/v2\/posts\/484","targetHints":{"allow":["GET"]}}],"collection":[{"href":"https:\/\/aeroclub-du-rouergue.com\/WordPress3\/wp-json\/wp\/v2\/posts"}],"about":[{"href":"https:\/\/aeroclub-du-rouergue.com\/WordPress3\/wp-json\/wp\/v2\/types\/post"}],"author":[{"embeddable":true,"href":"https:\/\/aeroclub-du-rouergue.com\/WordPress3\/wp-json\/wp\/v2\/users\/1"}],"replies":[{"embeddable":true,"href":"https:\/\/aeroclub-du-rouergue.com\/WordPress3\/wp-json\/wp\/v2\/comments?post=484"}],"version-history":[{"count":3,"href":"https:\/\/aeroclub-du-rouergue.com\/WordPress3\/wp-json\/wp\/v2\/posts\/484\/revisions"}],"predecessor-version":[{"id":489,"href":"https:\/\/aeroclub-du-rouergue.com\/WordPress3\/wp-json\/wp\/v2\/posts\/484\/revisions\/489"}],"wp:attachment":[{"href":"https:\/\/aeroclub-du-rouergue.com\/WordPress3\/wp-json\/wp\/v2\/media?parent=484"}],"wp:term":[{"taxonomy":"category","embeddable":true,"href":"https:\/\/aeroclub-du-rouergue.com\/WordPress3\/wp-json\/wp\/v2\/categories?post=484"},{"taxonomy":"post_tag","embeddable":true,"href":"https:\/\/aeroclub-du-rouergue.com\/WordPress3\/wp-json\/wp\/v2\/tags?post=484"}],"curies":[{"name":"wp","href":"https:\/\/api.w.org\/{rel}","templated":true}]}}