{"id":707,"date":"2016-07-26T19:38:15","date_gmt":"2016-07-26T17:38:15","guid":{"rendered":"http:\/\/aeroclub-du-rouergue.com\/WordPress3\/?p=707"},"modified":"2016-07-26T19:38:15","modified_gmt":"2016-07-26T17:38:15","slug":"des-photos-du-tour-ulm","status":"publish","type":"post","link":"https:\/\/aeroclub-du-rouergue.com\/WordPress3\/2016\/07\/26\/des-photos-du-tour-ulm\/","title":{"rendered":"Des photos du tour ULM"},"content":{"rendered":"<p>Le tour ULM 2016 a fait \u00e9tape \u00e0 Villefranche pour la pause de midi. En provenance de Candillargues et \u00e0 destination de Muret. Une journ\u00e9e r\u00e9ussie pour l&rsquo;A\u00e9roclub, les participants ayant unanimement lou\u00e9 la qualit\u00e9 de l&rsquo;accueil aveyronnais.<\/p>\n<p><img decoding=\"async\" class=\"ngg-singlepic ngg-none\" src=\"http:\/\/aeroclub-du-rouergue.com\/WordPress3\/wp-content\/gallery\/TourULM2016\/ULM2016.jpg\" alt=\"ULM2016\" \/><\/p>\n<p>130 machines parqu\u00e9es sur la longueur de la piste, soit un kilom\u00e8tre, \u00e7a fait combien de m\u00e8tres par ULM ?<\/p>\n<p><img decoding=\"async\" class=\"ngg-singlepic ngg-right\" src=\"http:\/\/aeroclub-du-rouergue.com\/WordPress3\/wp-content\/gallery\/TourULM2016\/IMG_0256.JPG\" alt=\"IMG_0256\" \/><\/p>\n<p>L&rsquo;\u00e9quipe de ravitaillement en essence.<\/p>\n<p><img decoding=\"async\" class=\"ngg-singlepic ngg-none\" src=\"http:\/\/aeroclub-du-rouergue.com\/WordPress3\/wp-content\/gallery\/TourULM2016\/IMG_0260.JPG\" alt=\"IMG_0260\" \/><\/p>\n<p>L&rsquo;ap\u00e9ritif (sans alcool !!!) a \u00e9t\u00e9 offert par le club.<\/p>\n<p><img decoding=\"async\" class=\"ngg-singlepic ngg-none\" src=\"http:\/\/aeroclub-du-rouergue.com\/WordPress3\/wp-content\/gallery\/TourULM2016\/IMG_0261.JPG\" alt=\"IMG_0261\" \/><\/p>\n<p>L&rsquo;ombre du hangar \u00e9tait la bienvenue.<\/p>\n<p><img decoding=\"async\" class=\"ngg-singlepic ngg-none\" src=\"http:\/\/aeroclub-du-rouergue.com\/WordPress3\/wp-content\/gallery\/TourULM2016\/IMG_0264.JPG\" alt=\"IMG_0264\" \/><\/p>\n<p>L&rsquo;ombre des ailes n&rsquo;\u00e9tant pas moins appr\u00e9ci\u00e9e. Pierre faisait la navette avec son quad pour transporter pilotes et bidons d&rsquo;essence.<\/p>\n<p><img decoding=\"async\" class=\"ngg-singlepic ngg-none\" src=\"http:\/\/aeroclub-du-rouergue.com\/WordPress3\/wp-content\/gallery\/TourULM2016\/IMG_0265.JPG\" alt=\"IMG_0265\" \/><\/p>\n<p>M. le maire de Villefranche Serge Roques, n&rsquo;a pas refus\u00e9 un petit tour d&rsquo;h\u00e9lico classe 6. Il a survol\u00e9 sa ville et pu appr\u00e9cier l&rsquo;oasis de nature que constitue la piste \u00e0 deux pas de l&rsquo;agglom\u00e9ration.<\/p>\n<p><img decoding=\"async\" class=\"ngg-singlepic ngg-none\" src=\"http:\/\/aeroclub-du-rouergue.com\/WordPress3\/wp-content\/gallery\/TourULM2016\/LeStaff.jpg\" alt=\"LeStaff\" \/><\/p>\n<p>Une partie du bureau de l&rsquo;a\u00e9roclub : Jean-Daniel, Jo\u00ebl, Jean-Michel, Christian, Brigitte, Serge. Ils sont tous tr\u00e8s satisfaits de cette journ\u00e9e et ont lanc\u00e9 l&rsquo;invitation pour une prochaine \u00e9tape des tours ULM futurs.<\/p>\n","protected":false},"excerpt":{"rendered":"<p>Le tour ULM 2016 a fait \u00e9tape \u00e0 Villefranche pour la pause de midi. En provenance de Candillargues et \u00e0 destination de Muret. Une journ\u00e9e r\u00e9ussie pour l&rsquo;A\u00e9roclub, les participants ayant unanimement lou\u00e9 la qualit\u00e9 de l&rsquo;accueil aveyronnais. 130 machines parqu\u00e9es sur la longueur de la piste, soit un kilom\u00e8tre, \u00e7a fait combien de m\u00e8tres [&hellip;]<\/p>\n","protected":false},"author":1,"featured_media":0,"comment_status":"closed","ping_status":"closed","sticky":false,"template":"","format":"standard","meta":{"ngg_post_thumbnail":0,"spay_email":"","footnotes":""},"categories":[2],"tags":[],"class_list":["post-707","post","type-post","status-publish","format-standard","hentry","category-manifs"],"jetpack_featured_media_url":"","_links":{"self":[{"href":"https:\/\/aeroclub-du-rouergue.com\/WordPress3\/wp-json\/wp\/v2\/posts\/707","targetHints":{"allow":["GET"]}}],"collection":[{"href":"https:\/\/aeroclub-du-rouergue.com\/WordPress3\/wp-json\/wp\/v2\/posts"}],"about":[{"href":"https:\/\/aeroclub-du-rouergue.com\/WordPress3\/wp-json\/wp\/v2\/types\/post"}],"author":[{"embeddable":true,"href":"https:\/\/aeroclub-du-rouergue.com\/WordPress3\/wp-json\/wp\/v2\/users\/1"}],"replies":[{"embeddable":true,"href":"https:\/\/aeroclub-du-rouergue.com\/WordPress3\/wp-json\/wp\/v2\/comments?post=707"}],"version-history":[{"count":1,"href":"https:\/\/aeroclub-du-rouergue.com\/WordPress3\/wp-json\/wp\/v2\/posts\/707\/revisions"}],"predecessor-version":[{"id":724,"href":"https:\/\/aeroclub-du-rouergue.com\/WordPress3\/wp-json\/wp\/v2\/posts\/707\/revisions\/724"}],"wp:attachment":[{"href":"https:\/\/aeroclub-du-rouergue.com\/WordPress3\/wp-json\/wp\/v2\/media?parent=707"}],"wp:term":[{"taxonomy":"category","embeddable":true,"href":"https:\/\/aeroclub-du-rouergue.com\/WordPress3\/wp-json\/wp\/v2\/categories?post=707"},{"taxonomy":"post_tag","embeddable":true,"href":"https:\/\/aeroclub-du-rouergue.com\/WordPress3\/wp-json\/wp\/v2\/tags?post=707"}],"curies":[{"name":"wp","href":"https:\/\/api.w.org\/{rel}","templated":true}]}}